{"id":3625,"date":"2018-07-21T17:24:00","date_gmt":"2018-07-21T16:24:00","guid":{"rendered":"https:\/\/www.caffrenchwing.fr\/?p=3625"},"modified":"2018-07-21T17:24:00","modified_gmt":"2018-07-21T16:24:00","slug":"paris-villaroche-air-legend-un-grand-meeting-aerien-aux-portes-de-paris","status":"publish","type":"post","link":"https:\/\/www.caffrenchwing.fr\/en\/2018\/07\/21\/paris-villaroche-air-legend-un-grand-meeting-aerien-aux-portes-de-paris\/","title":{"rendered":"Paris-Villaroche Air Legend \u2013 un grand meeting a\u00e9rien aux portes de Paris!"},"content":{"rendered":"<p><a href=\"https:\/\/www.caffrenchwing.fr\/wp-content\/uploads\/2018\/07\/AFFICHE-MELUN-A4111-768x1086.jpg\"><img loading=\"lazy\" decoding=\"async\" class=\"aligncenter size-full wp-image-3627\" src=\"https:\/\/www.caffrenchwing.fr\/wp-content\/uploads\/2018\/07\/AFFICHE-MELUN-A4111-768x1086.jpg\" alt=\"\" width=\"768\" height=\"1086\" srcset=\"https:\/\/www.caffrenchwing.fr\/wp-content\/uploads\/2018\/07\/AFFICHE-MELUN-A4111-768x1086.jpg 768w, https:\/\/www.caffrenchwing.fr\/wp-content\/uploads\/2018\/07\/AFFICHE-MELUN-A4111-768x1086-106x150.jpg 106w, https:\/\/www.caffrenchwing.fr\/wp-content\/uploads\/2018\/07\/AFFICHE-MELUN-A4111-768x1086-212x300.jpg 212w, https:\/\/www.caffrenchwing.fr\/wp-content\/uploads\/2018\/07\/AFFICHE-MELUN-A4111-768x1086-724x1024.jpg 724w, https:\/\/www.caffrenchwing.fr\/wp-content\/uploads\/2018\/07\/AFFICHE-MELUN-A4111-768x1086-650x919.jpg 650w, https:\/\/www.caffrenchwing.fr\/wp-content\/uploads\/2018\/07\/AFFICHE-MELUN-A4111-768x1086-624x882.jpg 624w\" sizes=\"auto, (max-width: 768px) 100vw, 768px\" \/><\/a>S\u2019il y a un \u00e9v\u00e9nement \u00e0 ne pas louper cette ann\u00e9e, c\u2019est bien le\u00a0Paris-Villaroche Air Legend pr\u00e9vu les 8 et 9 septembre 2018 sur l\u2019a\u00e9rodrome mythique de Melun-Villaroche:\u00a0 60 avions sont pr\u00e9vus au programme parmi lesquels 45 warbirds, du jamais vu en France depuis ces\u00a0 20 derni\u00e8res ann\u00e9es!<\/p>\n<p>Le CAF French Wing\u00a0sera pr\u00e9sent au meeting avec notre stand et le Piper J-3 en statique.<\/p>\n<p>Lors de la conf\u00e9rence de presse du 2 juillet dernier, Eric Jansonne et Thierry Marchand\u00a0(JM Airshow) ont pr\u00e9sent\u00e9 en d\u00e9tail le meeting avec la participation de Christian Amara et Bernard Chabbert .<\/p>\n<p>Cette ann\u00e9e, les th\u00e8mes principaux seront articul\u00e9s autour de deux p\u00e9riodes de l\u2019aviation: l\u2019aviation de transport et la Seconde Guerre mondiale.<\/p>\n<p>Le\u00a0<a href=\"https:\/\/airlegend.fr\/fr\/meeting-aerien-paris-villaroche\/plateau-aerien\" rel=\"noopener\">plateau a\u00e9rien<\/a>\u00a0et les avions confirm\u00e9s \u00e0 ce jour sont les suivants: Douglas DC-3, deux Vampire, un Catalina, un P-51D Mustang, un Douglas Skyraider, deux Buch\u00f3n, un\u00a0 Grumman TBM Avenger, un Curtiss P-40, deux Spitfire, trois Hurricane, un P-47D Thunderbolt, le Corsair de la Fert\u00e9-Alais ou encore l\u2019unique Noratlas encore en vol:<\/p>\n<p><a href=\"https:\/\/www.caffrenchwing.fr\/wp-content\/uploads\/2018\/07\/Capture.jpg\"><img loading=\"lazy\" decoding=\"async\" class=\"aligncenter size-full wp-image-3626\" src=\"https:\/\/www.caffrenchwing.fr\/wp-content\/uploads\/2018\/07\/Capture.jpg\" alt=\"\" width=\"480\" height=\"880\" srcset=\"https:\/\/www.caffrenchwing.fr\/wp-content\/uploads\/2018\/07\/Capture.jpg 480w, https:\/\/www.caffrenchwing.fr\/wp-content\/uploads\/2018\/07\/Capture-82x150.jpg 82w, https:\/\/www.caffrenchwing.fr\/wp-content\/uploads\/2018\/07\/Capture-164x300.jpg 164w\" sizes=\"auto, (max-width: 480px) 100vw, 480px\" \/><\/a><\/p>\n<p>Vous pourrez \u00e9galement d\u00e9couvrir la voltige moderne avec\u00a0 Catherine Maunoury et son Extra 300.<\/p>\n<p>C\u00f4t\u00e9 militaire, la Marine Nationale sera pr\u00e9sente avec quatre Rafale Marine tandis que l\u2019Arm\u00e9e de l\u2019Air sera pr\u00e9sente avec\u00a0La Patrouille de France le samedi (d\u00e9monstration compl\u00e8te) et le dimanche (passage trois couleurs) ainsi qu\u2019un Transall.<\/p>\n\n\t\t<style type=\"text\/css\">\n\t\t\t#gallery-1 {\n\t\t\t\tmargin: auto;\n\t\t\t}\n\t\t\t#gallery-1 .gallery-item {\n\t\t\t\tfloat: left;\n\t\t\t\tmargin-top: 10px;\n\t\t\t\ttext-align: center;\n\t\t\t\twidth: 50%;\n\t\t\t}\n\t\t\t#gallery-1 img {\n\t\t\t\tborder: 2px solid #cfcfcf;\n\t\t\t}\n\t\t\t#gallery-1 .gallery-caption {\n\t\t\t\tmargin-left: 0;\n\t\t\t}\n\t\t\t\/* see gallery_shortcode() in wp-includes\/media.php *\/\n\t\t<\/style>\n\t\t<div id='gallery-1' class='gallery galleryid-3625 gallery-columns-2 gallery-size-large'><dl class='gallery-item'>\n\t\t\t<dt class='gallery-icon landscape'>\n\t\t\t\t<a href='https:\/\/www.caffrenchwing.fr\/wp-content\/uploads\/2018\/07\/Patrouille-de-France-Photo-Terry-Kavanagh-CC-BY-2.0.jpg'><img loading=\"lazy\" decoding=\"async\" width=\"1024\" height=\"683\" src=\"https:\/\/www.caffrenchwing.fr\/wp-content\/uploads\/2018\/07\/Patrouille-de-France-Photo-Terry-Kavanagh-CC-BY-2.0-1024x683.jpg\" class=\"attachment-large size-large\" alt=\"Patrouille de France (Photo Terry Kavanagh (CC BY 2.0))\" aria-describedby=\"gallery-1-3628\" srcset=\"https:\/\/www.caffrenchwing.fr\/wp-content\/uploads\/2018\/07\/Patrouille-de-France-Photo-Terry-Kavanagh-CC-BY-2.0-1024x683.jpg 1024w, https:\/\/www.caffrenchwing.fr\/wp-content\/uploads\/2018\/07\/Patrouille-de-France-Photo-Terry-Kavanagh-CC-BY-2.0-150x100.jpg 150w, https:\/\/www.caffrenchwing.fr\/wp-content\/uploads\/2018\/07\/Patrouille-de-France-Photo-Terry-Kavanagh-CC-BY-2.0-300x200.jpg 300w, https:\/\/www.caffrenchwing.fr\/wp-content\/uploads\/2018\/07\/Patrouille-de-France-Photo-Terry-Kavanagh-CC-BY-2.0-768x512.jpg 768w, https:\/\/www.caffrenchwing.fr\/wp-content\/uploads\/2018\/07\/Patrouille-de-France-Photo-Terry-Kavanagh-CC-BY-2.0-650x433.jpg 650w, https:\/\/www.caffrenchwing.fr\/wp-content\/uploads\/2018\/07\/Patrouille-de-France-Photo-Terry-Kavanagh-CC-BY-2.0-624x416.jpg 624w, https:\/\/www.caffrenchwing.fr\/wp-content\/uploads\/2018\/07\/Patrouille-de-France-Photo-Terry-Kavanagh-CC-BY-2.0.jpg 2048w\" sizes=\"auto, (max-width: 1024px) 100vw, 1024px\" \/><\/a>\n\t\t\t<\/dt>\n\t\t\t\t<dd class='wp-caption-text gallery-caption' id='gallery-1-3628'>\n\t\t\t\tPatrouille de France (Photo Terry Kavanagh (CC BY 2.0))\n\n\t\t\t\t<\/dd><\/dl><dl class='gallery-item'>\n\t\t\t<dt class='gallery-icon landscape'>\n\t\t\t\t<a href='https:\/\/www.caffrenchwing.fr\/wp-content\/uploads\/2018\/07\/Rafale-M44-Photo-Alan-Wilson-CC-BY-SA-2.0.jpg'><img loading=\"lazy\" decoding=\"async\" width=\"1024\" height=\"683\" src=\"https:\/\/www.caffrenchwing.fr\/wp-content\/uploads\/2018\/07\/Rafale-M44-Photo-Alan-Wilson-CC-BY-SA-2.0-1024x683.jpg\" class=\"attachment-large size-large\" alt=\"Rafale M44 (Photo Alan Wilson (CC BY-SA 2.0))\" aria-describedby=\"gallery-1-3629\" srcset=\"https:\/\/www.caffrenchwing.fr\/wp-content\/uploads\/2018\/07\/Rafale-M44-Photo-Alan-Wilson-CC-BY-SA-2.0-1024x683.jpg 1024w, https:\/\/www.caffrenchwing.fr\/wp-content\/uploads\/2018\/07\/Rafale-M44-Photo-Alan-Wilson-CC-BY-SA-2.0-150x100.jpg 150w, https:\/\/www.caffrenchwing.fr\/wp-content\/uploads\/2018\/07\/Rafale-M44-Photo-Alan-Wilson-CC-BY-SA-2.0-300x200.jpg 300w, https:\/\/www.caffrenchwing.fr\/wp-content\/uploads\/2018\/07\/Rafale-M44-Photo-Alan-Wilson-CC-BY-SA-2.0-768x512.jpg 768w, https:\/\/www.caffrenchwing.fr\/wp-content\/uploads\/2018\/07\/Rafale-M44-Photo-Alan-Wilson-CC-BY-SA-2.0-650x434.jpg 650w, https:\/\/www.caffrenchwing.fr\/wp-content\/uploads\/2018\/07\/Rafale-M44-Photo-Alan-Wilson-CC-BY-SA-2.0-624x416.jpg 624w, https:\/\/www.caffrenchwing.fr\/wp-content\/uploads\/2018\/07\/Rafale-M44-Photo-Alan-Wilson-CC-BY-SA-2.0.jpg 2048w\" sizes=\"auto, (max-width: 1024px) 100vw, 1024px\" \/><\/a>\n\t\t\t<\/dt>\n\t\t\t\t<dd class='wp-caption-text gallery-caption' id='gallery-1-3629'>\n\t\t\t\tRafale M44 (Photo Alan Wilson (CC BY-SA 2.0))\n\t\t\t\t<\/dd><\/dl><br style=\"clear: both\" \/>\n\t\t<\/div>\n\n<p>Le meeting de Melun sera aussi l\u2019occasion de voir pour la premi\u00e8re fois le\u00a0<a href=\"https:\/\/www.lecharpeblanche.fr\/2018\/05\/15\/un-f-86-sabre-en-france\/\" target=\"_blank\" rel=\"noopener\">F-86 Sabre de Fr\u00e9d\u00e9ric Akary<\/a>\u00a0r\u00e9cemment acquis aux USA.<\/p>\n<div id=\"attachment_3631\" style=\"width: 1491px\" class=\"wp-caption aligncenter\"><a href=\"https:\/\/www.caffrenchwing.fr\/wp-content\/uploads\/2018\/07\/4861963243_00f51a3d29_o.jpg\"><img loading=\"lazy\" decoding=\"async\" aria-describedby=\"caption-attachment-3631\" class=\"wp-image-3631 size-full\" src=\"https:\/\/www.caffrenchwing.fr\/wp-content\/uploads\/2018\/07\/4861963243_00f51a3d29_o.jpg\" alt=\"Canadair CL-13B Mk. 6 Sabre (Photo Armchair Aviation (CC BY 2.0))\" width=\"1481\" height=\"1015\" srcset=\"https:\/\/www.caffrenchwing.fr\/wp-content\/uploads\/2018\/07\/4861963243_00f51a3d29_o.jpg 1481w, https:\/\/www.caffrenchwing.fr\/wp-content\/uploads\/2018\/07\/4861963243_00f51a3d29_o-150x103.jpg 150w, https:\/\/www.caffrenchwing.fr\/wp-content\/uploads\/2018\/07\/4861963243_00f51a3d29_o-300x206.jpg 300w, https:\/\/www.caffrenchwing.fr\/wp-content\/uploads\/2018\/07\/4861963243_00f51a3d29_o-768x526.jpg 768w, https:\/\/www.caffrenchwing.fr\/wp-content\/uploads\/2018\/07\/4861963243_00f51a3d29_o-1024x702.jpg 1024w, https:\/\/www.caffrenchwing.fr\/wp-content\/uploads\/2018\/07\/4861963243_00f51a3d29_o-650x445.jpg 650w, https:\/\/www.caffrenchwing.fr\/wp-content\/uploads\/2018\/07\/4861963243_00f51a3d29_o-624x428.jpg 624w\" sizes=\"auto, (max-width: 1481px) 100vw, 1481px\" \/><\/a><p id=\"caption-attachment-3631\" class=\"wp-caption-text\">Canadair CL-13B Mk. 6 Sabre (Photo Armchair Aviation (CC BY 2.0))<\/p><\/div>\n<p>La participation d\u2019autres avions, pour certain jamais vus en France, sera bient\u00f4t confirm\u00e9e.<\/p>\n<p>Le spectacle sera au sol aussi : librairies et boutiques, spectacle de pyrotechnie, pr\u00e9sence des chanteuses \u00ab Satin Doll Sisters \u00bb, simulateurs avion, stands gastronomiques et aussi reconstitution de camps militaires avec la pr\u00e9sence de v\u00e9hicules anciens et de figurants en habits d\u2019\u00e9poque.<\/p>\n<p>Vous pouvez \u00e9galement d\u00e9couvrir le teaser du meeting et des avions qui seront pr\u00e9sents:<\/p>\n<p>&nbsp;<\/p>\n<div class=\"jetpack-video-wrapper\"><iframe loading=\"lazy\" title=\"Teaser Paris-Villaroche Air Legend 2018\" width=\"500\" height=\"281\" src=\"https:\/\/www.youtube.com\/embed\/ZZdTGx5bqFE?feature=oembed\" frameborder=\"0\" allow=\"accelerometer; autoplay; clipboard-write; encrypted-media; gyroscope; picture-in-picture; web-share\" referrerpolicy=\"strict-origin-when-cross-origin\" allowfullscreen><\/iframe><\/div>\n","protected":false},"excerpt":{"rendered":"<p>S\u2019il y a un \u00e9v\u00e9nement \u00e0 ne pas louper cette ann\u00e9e, c\u2019est bien le\u00a0Paris-Villaroche Air Legend pr\u00e9vu les 8 et 9 septembre 2018 sur l\u2019a\u00e9rodrome mythique de Melun-Villaroche:\u00a0 60 avions sont pr\u00e9vus au programme parmi lesquels 45 warbirds, du jamais vu en France depuis ces\u00a0 20 derni\u00e8res ann\u00e9es! Le CAF French Wing\u00a0sera pr\u00e9sent au meeting [&hellip;]<\/p>\n","protected":false},"author":7,"featured_media":3627,"comment_status":"open","ping_status":"open","sticky":false,"template":"","format":"standard","meta":{"_jetpack_newsletter_access":"","_jetpack_dont_email_post_to_subs":false,"_jetpack_newsletter_tier_id":0,"_jetpack_memberships_contains_paywalled_content":false,"_jetpack_memberships_contains_paid_content":false,"footnotes":""},"categories":[2],"tags":[],"class_list":["post-3625","post","type-post","status-publish","format-standard","has-post-thumbnail","hentry","category-actualites"],"jetpack_featured_media_url":"https:\/\/www.caffrenchwing.fr\/wp-content\/uploads\/2018\/07\/AFFICHE-MELUN-A4111-768x1086.jpg","jetpack_shortlink":"https:\/\/wp.me\/p2NZ1W-Wt","jetpack_sharing_enabled":true,"_links":{"self":[{"href":"https:\/\/www.caffrenchwing.fr\/en\/wp-json\/wp\/v2\/posts\/3625","targetHints":{"allow":["GET"]}}],"collection":[{"href":"https:\/\/www.caffrenchwing.fr\/en\/wp-json\/wp\/v2\/posts"}],"about":[{"href":"https:\/\/www.caffrenchwing.fr\/en\/wp-json\/wp\/v2\/types\/post"}],"author":[{"embeddable":true,"href":"https:\/\/www.caffrenchwing.fr\/en\/wp-json\/wp\/v2\/users\/7"}],"replies":[{"embeddable":true,"href":"https:\/\/www.caffrenchwing.fr\/en\/wp-json\/wp\/v2\/comments?post=3625"}],"version-history":[{"count":4,"href":"https:\/\/www.caffrenchwing.fr\/en\/wp-json\/wp\/v2\/posts\/3625\/revisions"}],"predecessor-version":[{"id":3634,"href":"https:\/\/www.caffrenchwing.fr\/en\/wp-json\/wp\/v2\/posts\/3625\/revisions\/3634"}],"wp:featuredmedia":[{"embeddable":true,"href":"https:\/\/www.caffrenchwing.fr\/en\/wp-json\/wp\/v2\/media\/3627"}],"wp:attachment":[{"href":"https:\/\/www.caffrenchwing.fr\/en\/wp-json\/wp\/v2\/media?parent=3625"}],"wp:term":[{"taxonomy":"category","embeddable":true,"href":"https:\/\/www.caffrenchwing.fr\/en\/wp-json\/wp\/v2\/categories?post=3625"},{"taxonomy":"post_tag","embeddable":true,"href":"https:\/\/www.caffrenchwing.fr\/en\/wp-json\/wp\/v2\/tags?post=3625"}],"curies":[{"name":"wp","href":"https:\/\/api.w.org\/{rel}","templated":true}]}}