{"id":500,"date":"2012-10-30T23:18:31","date_gmt":"2012-10-30T21:18:31","guid":{"rendered":"http:\/\/localhost\/caf\/?p=500"},"modified":"2012-10-30T23:18:31","modified_gmt":"2012-10-30T21:18:31","slug":"obseques-de-roland-de-la-poype","status":"publish","type":"post","link":"https:\/\/www.caffrenchwing.fr\/en\/2012\/10\/30\/obseques-de-roland-de-la-poype\/","title":{"rendered":"Obs\u00e8ques de Roland de La Poype"},"content":{"rendered":"<p style=\"text-align: left;\"><a href=\"http:\/\/localhost\/caf\/2012\/10\/30\/obseques-de-roland-de-la-poype\/nef-dlps-2\/\" rel=\"attachment wp-att-502\"><img loading=\"lazy\" decoding=\"async\" class=\"size-medium wp-image-502 aligncenter\" title=\"Nef DLPs\" src=\"https:\/\/www.caffrenchwing.fr\/wp-content\/uploads\/2012\/10\/Nef-DLPs1-300x215.jpg\" alt=\"\u00a9 Bernard Delfino\" width=\"300\" height=\"215\" \/><\/a>C'est \u00e0 10 heures, ce matin, mardi 30 Octobre 2012, qu'ont eu lieu les obs\u00e8ques de Roland de La Poype en la cath\u00e9drale Saint-Louis des Invalides o\u00f9 s'\u00e9taient r\u00e9unis, parents, amis, et de tr\u00e8s nombreux admirateurs qui d\u00e9siraient exprimer leur reconnaissance \u00e0 ce grand homme.<!--more--><\/p>\n<p>La c\u00e9r\u00e9monie d\u00e9buta par les chants de l'Escadrille Normandie-Niemen interpr\u00e9t\u00e9s par des choristes de l'ancien Ch\u0153ur de l'Arm\u00e9e Rouge au son d'un accord\u00e9on qui rappela les quelques moments de d\u00e9tente au sein de ce R\u00e9giment alors que la guerre faisait rage de toutes parts.<\/p>\n<p>Chacun put se recueillir et prier pour l'\u00e2me du d\u00e9funt au cours de cette belle c\u00e9r\u00e9monie, puis <strong>C\u00e9cilia Norick<\/strong>, cantatrice, interpr\u00e9ta un \u00e9mouvant <em>Ave Maria<\/em> de Caccini et le <em>Panis Angelicus<\/em> de Gabriel Faur\u00e9.<\/p>\n<p><a href=\"http:\/\/localhost\/caf\/2012\/10\/30\/obseques-de-roland-de-la-poype\/dlp-0353s-4\/\" rel=\"attachment wp-att-506\"><img loading=\"lazy\" decoding=\"async\" class=\"aligncenter size-medium wp-image-506\" title=\"DLP 0353s\" src=\"https:\/\/www.caffrenchwing.fr\/wp-content\/uploads\/2012\/10\/DLP-0353s3-300x207.jpg\" alt=\"\u00a9 Bernard Delfino\" width=\"300\" height=\"207\" \/><\/a><\/p>\n<p><a href=\"http:\/\/localhost\/caf\/2012\/10\/30\/obseques-de-roland-de-la-poype\/dlp-0359s\/\" rel=\"attachment wp-att-507\"><img loading=\"lazy\" decoding=\"async\" class=\"aligncenter size-medium wp-image-507\" title=\"DLP 0359s\" src=\"https:\/\/www.caffrenchwing.fr\/wp-content\/uploads\/2012\/10\/DLP-0359s-300x193.jpg\" alt=\"\u00a9\u00a0\u00dfernard Delfino\" width=\"300\" height=\"193\" \/><\/a>La c\u00e9r\u00e9monie religieuse termin\u00e9e, les honneurs militaires furent rendus \u00e0 Roland de La Poype dans la cour des Invalides. Monsieur Fred Moore, Chancelier de l'Ordre de la Lib\u00e9ration, rappela les diff\u00e9rentes \u00e9tapes de la vie de ce grand homme, tour \u00e0 tour pilote de chasse avec 16 victoires, inventeur de g\u00e9nie, chef d'entreprise, et amoureux de la nature et du milieu marin en particulier. Un palmar\u00e8s admirable pour un homme dont l'enfance dissip\u00e9e avait fait dire au directeur de son \u00e9cole, s'adressant \u00e0 sa m\u00e8re: <em>Vous n'en ferez jamais rien de bien !<\/em>\u2026<\/p>\n<p><a href=\"http:\/\/localhost\/caf\/2012\/10\/30\/obseques-de-roland-de-la-poype\/dlp-0364s\/\" rel=\"attachment wp-att-511\"><img loading=\"lazy\" decoding=\"async\" class=\"aligncenter size-medium wp-image-511\" title=\"DLP 0364s\" src=\"https:\/\/www.caffrenchwing.fr\/wp-content\/uploads\/2012\/10\/DLP-0364s-300x209.jpg\" alt=\"\u00a9 Bernard Delfino\" width=\"300\" height=\"209\" \/><\/a><a href=\"http:\/\/localhost\/caf\/2012\/10\/30\/obseques-de-roland-de-la-poype\/obseques-dlps\/\" rel=\"attachment wp-att-508\"><img loading=\"lazy\" decoding=\"async\" class=\"aligncenter size-medium wp-image-508\" title=\"Obs\u00e8ques DLPs\" src=\"https:\/\/www.caffrenchwing.fr\/wp-content\/uploads\/2012\/10\/Obs\u00e8ques-DLPs-300x135.jpg\" alt=\"\u00a9 Bernard Delfino\" width=\"300\" height=\"135\" \/><\/a><\/p>\n","protected":false},"excerpt":{"rendered":"<p>C'est \u00e0 10 heures, ce matin, mardi 30 Octobre 2012, qu'ont eu lieu les obs\u00e8ques de Roland de La Poype en la cath\u00e9drale Saint-Louis des Invalides o\u00f9 s'\u00e9taient r\u00e9unis, parents, amis, et de tr\u00e8s nombreux admirateurs qui d\u00e9siraient exprimer leur reconnaissance \u00e0 ce grand homme.<\/p>\n","protected":false},"author":3,"featured_media":0,"comment_status":"open","ping_status":"open","sticky":false,"template":"","format":"standard","meta":{"_jetpack_newsletter_access":"","_jetpack_dont_email_post_to_subs":false,"_jetpack_newsletter_tier_id":0,"_jetpack_memberships_contains_paywalled_content":false,"_jetpack_memberships_contains_paid_content":false,"footnotes":""},"categories":[1],"tags":[],"class_list":["post-500","post","type-post","status-publish","format-standard","hentry","category-non-classe"],"jetpack_featured_media_url":"","jetpack_shortlink":"https:\/\/wp.me\/p2NZ1W-84","jetpack_sharing_enabled":true,"_links":{"self":[{"href":"https:\/\/www.caffrenchwing.fr\/en\/wp-json\/wp\/v2\/posts\/500","targetHints":{"allow":["GET"]}}],"collection":[{"href":"https:\/\/www.caffrenchwing.fr\/en\/wp-json\/wp\/v2\/posts"}],"about":[{"href":"https:\/\/www.caffrenchwing.fr\/en\/wp-json\/wp\/v2\/types\/post"}],"author":[{"embeddable":true,"href":"https:\/\/www.caffrenchwing.fr\/en\/wp-json\/wp\/v2\/users\/3"}],"replies":[{"embeddable":true,"href":"https:\/\/www.caffrenchwing.fr\/en\/wp-json\/wp\/v2\/comments?post=500"}],"version-history":[{"count":0,"href":"https:\/\/www.caffrenchwing.fr\/en\/wp-json\/wp\/v2\/posts\/500\/revisions"}],"wp:attachment":[{"href":"https:\/\/www.caffrenchwing.fr\/en\/wp-json\/wp\/v2\/media?parent=500"}],"wp:term":[{"taxonomy":"category","embeddable":true,"href":"https:\/\/www.caffrenchwing.fr\/en\/wp-json\/wp\/v2\/categories?post=500"},{"taxonomy":"post_tag","embeddable":true,"href":"https:\/\/www.caffrenchwing.fr\/en\/wp-json\/wp\/v2\/tags?post=500"}],"curies":[{"name":"wp","href":"https:\/\/api.w.org\/{rel}","templated":true}]}}