{"id":5416,"date":"2019-12-20T19:32:04","date_gmt":"2019-12-20T18:32:04","guid":{"rendered":"https:\/\/www.caffrenchwing.fr\/?p=5416"},"modified":"2019-12-20T19:32:14","modified_gmt":"2019-12-20T18:32:14","slug":"interview-du-capitaine-de-fregate-ramon-josa","status":"publish","type":"post","link":"https:\/\/www.caffrenchwing.fr\/en\/2019\/12\/20\/interview-du-capitaine-de-fregate-ramon-josa\/","title":{"rendered":"Interview du Capitaine de Fr\u00e9gate Ramon Josa"},"content":{"rendered":"\n<p>Le dernier num\u00e9ro de notre documentaire, Histoire et Devoir\nde M\u00e9moire vient de para\u00eetre et il est consacr\u00e9 au Capitaine de Fr\u00e9gate Ramon\nJosa, bien connu de notre milieu a\u00e9ro pour ses d\u00e9monstrations en vol en\nmeetings sur Corsair et Z\u00e9phyr. Invit\u00e9 par notre Pr\u00e9sident, St\u00e9phane Duchemin\net par AJM Airshow au Paris \u2013 Villaroche Air Legend, il est revenu, dans cette\ninterview, sur sa belle carri\u00e8re de marin et de pilote au sein de notre Marine\nNationale. Vous d\u00e9couvrirez un homme au parcours et \u00e0 la vie bien remplis, qui\nau-del\u00e0 de ses qualit\u00e9s professionnelles, fait preuve de beaucoup d\u2019humanit\u00e9 et\nde modestie.<\/p>\n\n\n\n<p>Le tournage a \u00e9t\u00e9 r\u00e9alis\u00e9 avec les moyens techniques du\nFrench Wing et le montage par notre membre Christian Chevalier.<\/p>\n\n<iframe loading=\"lazy\" width=\"560\" height=\"315\" src=\"https:\/\/www.youtube.com\/embed\/j8OshNDcq5U\" frameborder=\"0\" allow=\"accelerometer; autoplay; encrypted-media; gyroscope; picture-in-picture\" allowfullscreen><\/iframe>\n","protected":false},"excerpt":{"rendered":"<p>Le dernier num\u00e9ro de notre documentaire, Histoire et Devoir de M\u00e9moire vient de para\u00eetre et il est consacr\u00e9 au Capitaine de Fr\u00e9gate Ramon Josa, bien connu de notre milieu a\u00e9ro pour ses d\u00e9monstrations en vol en meetings sur Corsair et Z\u00e9phyr. Invit\u00e9 par notre Pr\u00e9sident, St\u00e9phane Duchemin et par AJM Airshow au Paris \u2013 Villaroche [&hellip;]<\/p>\n","protected":false},"author":4,"featured_media":5418,"comment_status":"open","ping_status":"open","sticky":false,"template":"","format":"standard","meta":{"_jetpack_newsletter_access":"","_jetpack_dont_email_post_to_subs":false,"_jetpack_newsletter_tier_id":0,"_jetpack_memberships_contains_paywalled_content":false,"_jetpack_memberships_contains_paid_content":false,"footnotes":""},"categories":[2,3,1,97],"tags":[177,172,176,173,178,174,175,171,170,179],"class_list":["post-5416","post","type-post","status-publish","format-standard","has-post-thumbnail","hentry","category-actualites","category-divers","category-non-classe","category-videos","tag-aeronavale","tag-charles-de-gaulle","tag-chasse-embarquee","tag-clemenceau","tag-corsair","tag-foch","tag-marine-nationale","tag-porte-avions","tag-ramon-josa","tag-zephyr"],"jetpack_featured_media_url":"https:\/\/www.caffrenchwing.fr\/wp-content\/uploads\/2019\/12\/ITW-PAF-1-Copie.png","jetpack_shortlink":"https:\/\/wp.me\/p2NZ1W-1pm","jetpack_sharing_enabled":true,"_links":{"self":[{"href":"https:\/\/www.caffrenchwing.fr\/en\/wp-json\/wp\/v2\/posts\/5416","targetHints":{"allow":["GET"]}}],"collection":[{"href":"https:\/\/www.caffrenchwing.fr\/en\/wp-json\/wp\/v2\/posts"}],"about":[{"href":"https:\/\/www.caffrenchwing.fr\/en\/wp-json\/wp\/v2\/types\/post"}],"author":[{"embeddable":true,"href":"https:\/\/www.caffrenchwing.fr\/en\/wp-json\/wp\/v2\/users\/4"}],"replies":[{"embeddable":true,"href":"https:\/\/www.caffrenchwing.fr\/en\/wp-json\/wp\/v2\/comments?post=5416"}],"version-history":[{"count":1,"href":"https:\/\/www.caffrenchwing.fr\/en\/wp-json\/wp\/v2\/posts\/5416\/revisions"}],"predecessor-version":[{"id":5417,"href":"https:\/\/www.caffrenchwing.fr\/en\/wp-json\/wp\/v2\/posts\/5416\/revisions\/5417"}],"wp:featuredmedia":[{"embeddable":true,"href":"https:\/\/www.caffrenchwing.fr\/en\/wp-json\/wp\/v2\/media\/5418"}],"wp:attachment":[{"href":"https:\/\/www.caffrenchwing.fr\/en\/wp-json\/wp\/v2\/media?parent=5416"}],"wp:term":[{"taxonomy":"category","embeddable":true,"href":"https:\/\/www.caffrenchwing.fr\/en\/wp-json\/wp\/v2\/categories?post=5416"},{"taxonomy":"post_tag","embeddable":true,"href":"https:\/\/www.caffrenchwing.fr\/en\/wp-json\/wp\/v2\/tags?post=5416"}],"curies":[{"name":"wp","href":"https:\/\/api.w.org\/{rel}","templated":true}]}}