{"id":605,"date":"2013-04-07T10:55:35","date_gmt":"2013-04-07T08:55:35","guid":{"rendered":"http:\/\/localhost\/caf\/?p=605"},"modified":"2013-04-07T10:55:35","modified_gmt":"2013-04-07T08:55:35","slug":"henri-bourrassier-%e2%80%a0","status":"publish","type":"post","link":"https:\/\/www.caffrenchwing.fr\/en\/2013\/04\/07\/henri-bourrassier-%e2%80%a0\/","title":{"rendered":"Henri Bourrassier \u2020"},"content":{"rendered":"<p><img loading=\"lazy\" decoding=\"async\" class=\"alignleft size-thumbnail wp-image-213\" alt=\"BourrassierLBG0161C\" src=\"https:\/\/www.caffrenchwing.fr\/wp-content\/uploads\/2012\/10\/BourrassierLBG0161C1-99x150.jpg\" width=\"99\" height=\"150\" \/>C'est avec beaucoup de tristesse que nous apprenons le d\u00e9c\u00e8s d'Henri Bourrassier, survenu le samedi 6 avril.<\/p>\n<p>Pilote de B-26 Marauder au sein du Groupe \"Bretagne\" pendant la Seconde Guerre Mondiale, Henri Bourrassier\u00a0 vola \u00e9galement sur Dakota et Noratlas en Indochine et en Alg\u00e9rie.<\/p>\n<p>Henri \u00e9tait membre du French Wing depuis la cr\u00e9ation de celui-ci et fut particuli\u00e8rement actif au sein de l'association.<\/p>\n<p>Les membres du French Wing adressent leurs tr\u00e8s sinc\u00e8res condol\u00e9ances \u00e0 la famille d'Henri.<\/p>\n<p>En savoir plus sur <a href=\"http:\/\/localhost\/caf\/french-wing-caf\/veterans\/henribourrassier2\/\">Henri Bourrassier<\/a>.<\/p>\n","protected":false},"excerpt":{"rendered":"<p>C'est avec beaucoup de tristesse que nous apprenons le d\u00e9c\u00e8s d'Henri Bourrassier, survenu le samedi 6 avril. Pilote de B-26 Marauder au sein du Groupe \"Bretagne\" pendant la Seconde Guerre Mondiale, Henri Bourrassier\u00a0 vola \u00e9galement sur Dakota et Noratlas en Indochine et en Alg\u00e9rie. Henri \u00e9tait membre du French Wing depuis la cr\u00e9ation de celui-ci [&hellip;]<\/p>\n","protected":false},"author":7,"featured_media":0,"comment_status":"open","ping_status":"open","sticky":false,"template":"","format":"standard","meta":{"_jetpack_newsletter_access":"","_jetpack_dont_email_post_to_subs":false,"_jetpack_newsletter_tier_id":0,"_jetpack_memberships_contains_paywalled_content":false,"_jetpack_memberships_contains_paid_content":false,"footnotes":""},"categories":[2],"tags":[20,32],"class_list":["post-605","post","type-post","status-publish","format-standard","hentry","category-actualites","tag-deces","tag-henri-bourrassier"],"jetpack_featured_media_url":"","jetpack_shortlink":"https:\/\/wp.me\/p2NZ1W-9L","jetpack_sharing_enabled":true,"_links":{"self":[{"href":"https:\/\/www.caffrenchwing.fr\/en\/wp-json\/wp\/v2\/posts\/605","targetHints":{"allow":["GET"]}}],"collection":[{"href":"https:\/\/www.caffrenchwing.fr\/en\/wp-json\/wp\/v2\/posts"}],"about":[{"href":"https:\/\/www.caffrenchwing.fr\/en\/wp-json\/wp\/v2\/types\/post"}],"author":[{"embeddable":true,"href":"https:\/\/www.caffrenchwing.fr\/en\/wp-json\/wp\/v2\/users\/7"}],"replies":[{"embeddable":true,"href":"https:\/\/www.caffrenchwing.fr\/en\/wp-json\/wp\/v2\/comments?post=605"}],"version-history":[{"count":0,"href":"https:\/\/www.caffrenchwing.fr\/en\/wp-json\/wp\/v2\/posts\/605\/revisions"}],"wp:attachment":[{"href":"https:\/\/www.caffrenchwing.fr\/en\/wp-json\/wp\/v2\/media?parent=605"}],"wp:term":[{"taxonomy":"category","embeddable":true,"href":"https:\/\/www.caffrenchwing.fr\/en\/wp-json\/wp\/v2\/categories?post=605"},{"taxonomy":"post_tag","embeddable":true,"href":"https:\/\/www.caffrenchwing.fr\/en\/wp-json\/wp\/v2\/tags?post=605"}],"curies":[{"name":"wp","href":"https:\/\/api.w.org\/{rel}","templated":true}]}}