{"id":7204,"date":"2022-05-21T05:45:50","date_gmt":"2022-05-21T04:45:50","guid":{"rendered":"https:\/\/www.caffrenchwing.fr\/?p=7204"},"modified":"2022-05-21T05:47:56","modified_gmt":"2022-05-21T04:47:56","slug":"du-squadron-au-wing","status":"publish","type":"post","link":"https:\/\/www.caffrenchwing.fr\/en\/2022\/05\/21\/du-squadron-au-wing\/","title":{"rendered":"Du Squadron au Wing"},"content":{"rendered":"<p>Devenu une unit\u00e9 navigante, le Squadron m\u00e9ritait bien une promotion. Le changement de d\u00e9nomination a re\u00e7u l\u2019approbation de la CAF fin 2003, et a \u00e9t\u00e9 ent\u00e9rin\u00e9 en assembl\u00e9e g\u00e9n\u00e9rale le 22 novembre 2003. Apr\u00e8s le processus administratif habituel, le FSS est alors devenu officiellement CAF French Wing le 6 f\u00e9vrier 2004.<\/p>\n<p><img loading=\"lazy\" decoding=\"async\" class=\"size-full wp-image-7207 aligncenter\" src=\"https:\/\/www.caffrenchwing.fr\/wp-content\/uploads\/2022\/05\/200312sqn2wg.jpg\" alt=\"\" width=\"189\" height=\"240\" srcset=\"https:\/\/www.caffrenchwing.fr\/wp-content\/uploads\/2022\/05\/200312sqn2wg.jpg 189w, https:\/\/www.caffrenchwing.fr\/wp-content\/uploads\/2022\/05\/200312sqn2wg-118x150.jpg 118w\" sizes=\"auto, (max-width: 189px) 100vw, 189px\" \/><\/p>\n<p>Un bonheur n\u2019arrivant jamais seul, lors de la conf\u00e9rence d\u2019hiver des dirigeants d\u2019unit\u00e9 des 20, 21 et 22 f\u00e9vrier 2004 tenue \u00e0 Midland, le French Wing s\u2019est vu remettre l\u2019 \u00ab Aircraft Acquisition Award 2003 \u00bb pour le succ\u00e8s de son projet \u00ab L-Bird \u00bb :<\/p>\n<p><img loading=\"lazy\" decoding=\"async\" class=\"aligncenter size-full wp-image-7210\" src=\"https:\/\/www.caffrenchwing.fr\/wp-content\/uploads\/2022\/05\/200404_acquisition-award.jpg\" alt=\"\" width=\"283\" height=\"346\" srcset=\"https:\/\/www.caffrenchwing.fr\/wp-content\/uploads\/2022\/05\/200404_acquisition-award.jpg 283w, https:\/\/www.caffrenchwing.fr\/wp-content\/uploads\/2022\/05\/200404_acquisition-award-245x300.jpg 245w, https:\/\/www.caffrenchwing.fr\/wp-content\/uploads\/2022\/05\/200404_acquisition-award-123x150.jpg 123w\" sizes=\"auto, (max-width: 283px) 100vw, 283px\" \/><\/p>\n","protected":false},"excerpt":{"rendered":"<p>Devenu une unit\u00e9 navigante, le Squadron m\u00e9ritait bien une promotion. Le changement de d\u00e9nomination a re\u00e7u l\u2019approbation de la CAF fin 2003, et a \u00e9t\u00e9 ent\u00e9rin\u00e9 en assembl\u00e9e g\u00e9n\u00e9rale le 22 novembre 2003. Apr\u00e8s le processus administratif habituel, le FSS est alors devenu officiellement CAF French Wing le 6 f\u00e9vrier 2004. Un bonheur n\u2019arrivant jamais [&hellip;]<\/p>\n","protected":false},"author":41,"featured_media":7208,"comment_status":"open","ping_status":"open","sticky":false,"template":"","format":"standard","meta":{"_jetpack_newsletter_access":"","_jetpack_dont_email_post_to_subs":false,"_jetpack_newsletter_tier_id":0,"_jetpack_memberships_contains_paywalled_content":false,"_jetpack_memberships_contains_paid_content":false,"footnotes":""},"categories":[203],"tags":[],"class_list":["post-7204","post","type-post","status-publish","format-standard","has-post-thumbnail","hentry","category-the-little-blue-cloud"],"jetpack_featured_media_url":"https:\/\/www.caffrenchwing.fr\/wp-content\/uploads\/2022\/05\/200312sqn2wg.jpg","jetpack_shortlink":"https:\/\/wp.me\/p2NZ1W-1Sc","jetpack_sharing_enabled":true,"_links":{"self":[{"href":"https:\/\/www.caffrenchwing.fr\/en\/wp-json\/wp\/v2\/posts\/7204","targetHints":{"allow":["GET"]}}],"collection":[{"href":"https:\/\/www.caffrenchwing.fr\/en\/wp-json\/wp\/v2\/posts"}],"about":[{"href":"https:\/\/www.caffrenchwing.fr\/en\/wp-json\/wp\/v2\/types\/post"}],"author":[{"embeddable":true,"href":"https:\/\/www.caffrenchwing.fr\/en\/wp-json\/wp\/v2\/users\/41"}],"replies":[{"embeddable":true,"href":"https:\/\/www.caffrenchwing.fr\/en\/wp-json\/wp\/v2\/comments?post=7204"}],"version-history":[{"count":3,"href":"https:\/\/www.caffrenchwing.fr\/en\/wp-json\/wp\/v2\/posts\/7204\/revisions"}],"predecessor-version":[{"id":7214,"href":"https:\/\/www.caffrenchwing.fr\/en\/wp-json\/wp\/v2\/posts\/7204\/revisions\/7214"}],"wp:featuredmedia":[{"embeddable":true,"href":"https:\/\/www.caffrenchwing.fr\/en\/wp-json\/wp\/v2\/media\/7208"}],"wp:attachment":[{"href":"https:\/\/www.caffrenchwing.fr\/en\/wp-json\/wp\/v2\/media?parent=7204"}],"wp:term":[{"taxonomy":"category","embeddable":true,"href":"https:\/\/www.caffrenchwing.fr\/en\/wp-json\/wp\/v2\/categories?post=7204"},{"taxonomy":"post_tag","embeddable":true,"href":"https:\/\/www.caffrenchwing.fr\/en\/wp-json\/wp\/v2\/tags?post=7204"}],"curies":[{"name":"wp","href":"https:\/\/api.w.org\/{rel}","templated":true}]}}